{"id":185,"date":"2026-01-14T11:23:21","date_gmt":"2026-01-14T14:23:21","guid":{"rendered":"https:\/\/opapb.org\/?p=185"},"modified":"2026-01-14T17:58:56","modified_gmt":"2026-01-14T20:58:56","slug":"participacao-do-opa-no-raizes-sustentaveis","status":"publish","type":"post","link":"https:\/\/opapb.org\/?p=185","title":{"rendered":"Participa\u00e7\u00e3o do OPA no Ra\u00edzes Sustent\u00e1veis"},"content":{"rendered":"\n<p>Por Leonardo Silva<br>23 de dezembro de 2025<\/p>\n\n\n\n<p>Na sexta-feira, 19 de dezembro, participamos do evento Ra\u00edzes sustent\u00e1veis, na sede do sindicato dos banc\u00e1rios. O evento foi uma oportunidade de reunir as entidades e os movimentos sociais que lutam pela defesa do meio ambiente e sustentabilidade na cidade de Jo\u00e3o Pessoa-PB. Teve in\u00edcio \u00e0s 9 horas e encerrou de 12 horas com um momento bem significativo de conscientiza\u00e7\u00e3o ambiental que contou com a apresenta\u00e7\u00e3o de pessoas de organiza\u00e7\u00f5es e de movimentos sociais, e tamb\u00e9m das pessoas que deixaram suas contribui\u00e7\u00f5es sobre a quest\u00e3o ambiental na cidade de Jo\u00e3o Pessoa, no estado da Para\u00edba e no Brasil.<\/p>\n\n\n\n<p>Entre os assuntos, se falou do compromisso governamental com os objetivos do desenvolvimento sustent\u00e1vel, as manifesta\u00e7\u00f5es que houveram recentemente durante a COP 30, em Bel\u00e9m do Par\u00e1 e as alternativas sustent\u00e1veis de enfrentamento \u00e0 crise clim\u00e1tica que estamos vivenciando. N\u00f3s do Observat\u00f3rio Paraibano Antirracismo relembramos a necessidade de tratar da quest\u00e3o do Racismo ambiental, t\u00e3o presente na nossa sociedade e t\u00e3o pouco falada pelos ve\u00edculos de imprensa oficiais.<\/p>\n\n\n\n<figure class=\"wp-block-image size-full\"><img loading=\"lazy\" decoding=\"async\" width=\"376\" height=\"312\" src=\"https:\/\/opapb.org\/wp-content\/uploads\/2026\/01\/JeffersonPalmeiraAMJO.jpeg\" alt=\"\" class=\"wp-image-196\" srcset=\"https:\/\/opapb.org\/wp-content\/uploads\/2026\/01\/JeffersonPalmeiraAMJO.jpeg 376w, https:\/\/opapb.org\/wp-content\/uploads\/2026\/01\/JeffersonPalmeiraAMJO-300x249.jpeg 300w\" sizes=\"auto, (max-width: 376px) 100vw, 376px\" \/><figcaption class=\"wp-element-caption\">Jefferson Palmeira &#8211; Associa\u00e7\u00e3o dos Ambientalistas e Moradores do Jardim Oceania<br>Reprodu\u00e7\u00e3o: Instagram<\/figcaption><\/figure>\n\n\n\n<p>Aproveitamos o momento para entrevistar algumas pessoas que estavam no evento. Uma contribui\u00e7\u00e3o bem importante foi a do Jefferson Palmeira, da AMJO &#8211; Associa\u00e7\u00e3o dos Ambientalistas e Moradores do Jardim Oceania, que esteve presente na COP 30 compartilhando a experi\u00eancia de preserva\u00e7\u00e3o ambiental da Eco Pra\u00e7a\/ Eco Bosque do Jardim Oceania. Veja a seguir a entrevista com Jefferson Palmeira.<\/p>\n\n\n\n<figure class=\"wp-block-audio\"><audio controls src=\"https:\/\/opapb.org\/wp-content\/uploads\/2025\/12\/SonoraJeffersonPalmeira_AMJO.mp3\"><\/audio><\/figure>\n\n\n\n<p>De acordo com o ambientalista:<\/p>\n\n\n\n<blockquote class=\"wp-block-quote is-layout-flow wp-block-quote-is-layout-flow\">\n<p><em>Tem v\u00e1rias perspectivas. Por exemplo, se a gente t\u00e1 reclamando que a onda de calor est\u00e1 no pa\u00eds todo, em todos os lugares, n\u00f3s temos que pensar como a gente, \u00e9, implantar nas cidades, n\u00e9, um reflorestamento, plantar mais \u00e1rvores, incentivar a participa\u00e7\u00e3o das comunidades no cultivo e na produ\u00e7\u00e3o de alimentos sem agrot\u00f3xico.<\/em><\/p>\n<\/blockquote>\n\n\n\n<p>Como alternativa para os efeitos do aquecimento global Jefferson tamb\u00e9m falou:<\/p>\n\n\n\n<blockquote class=\"wp-block-quote is-layout-flow wp-block-quote-is-layout-flow\">\n<p><em>Tem as eco pra\u00e7as, que s\u00e3o experi\u00eancias que est\u00e3o borbulhando aqui na cidade de Jo\u00e3o Pessoa. Tem que ter cuidados tamb\u00e9m em fiscaliza\u00e7\u00e3o e organiza\u00e7\u00e3o pra gente enfrentar esse modelo de cidade que est\u00e1 sendo constru\u00eddo em Jo\u00e3o Pessoa, com a derrubada de \u00e1rvores, com, \u00e9, a retirada de comunidades que j\u00e1 moram nas \u00e1reas perif\u00e9ricas da cidade de Jo\u00e3o Pessoa.<\/em><\/p>\n<\/blockquote>\n\n\n\n<p>Para os problemas sociais relacionados ao combate a pobreza extrema e a desigualdade de acesso aos direitos sociais ele disse:<\/p>\n\n\n\n<blockquote class=\"wp-block-quote is-layout-flow wp-block-quote-is-layout-flow\">\n<p><em>Um transporte coletivo que seja menos poluidor e a prote\u00e7\u00e3o dos rios, das praias aqui na cidade de Jo\u00e3o Pessoa. N\u00f3s temos que participar e se organizar pra que a gente n\u00e3o permita a destrui\u00e7\u00e3o do meio ambiente e que essa destrui\u00e7\u00e3o, ela seja revertida, seja revers\u00edvel, porque se n\u00e3o conseguimos reverter, n\u00f3s corremos um risco de viver numa cidade com graves problemas de exist\u00eancia e de moradia.<\/em><\/p>\n<\/blockquote>\n\n\n\n<p>De acordo com Jefferson,<\/p>\n\n\n\n<blockquote class=\"wp-block-quote is-layout-flow wp-block-quote-is-layout-flow\">\n<p><em>a perspectiva \u00e9 investir em educa\u00e7\u00e3o ambiental, porque a educa\u00e7\u00e3o, ela desperta a consci\u00eancia cr\u00edtica, ela, ela provoca a gente a sair de uma atitude, de um comportamento passivo, para um comportamento que seja cr\u00edtico, mas tamb\u00e9m com propostas, pra que a gente supere todos os problemas e os malef\u00edcios dessa crise ambiental.<\/em><\/p>\n<\/blockquote>\n\n\n\n<p>Devemos nos lembrar que em outros locais ocorreram trag\u00e9dias por causa de imprud\u00eancia de entidades respons\u00e1veis pela explora\u00e7\u00e3o dos recursos naturais e que ainda n\u00e3o restitu\u00edram os parentes e familiares das v\u00edtimas. Como Jefferson menciona:&nbsp;<\/p>\n\n\n\n<blockquote class=\"wp-block-quote is-layout-flow wp-block-quote-is-layout-flow\">\n<p><em>A gente vive uma crise ambiental. Muita gente n\u00e3o acredita, muita gente nega, mas a gente vive. Basta ver o que acontece quando chove aqui nessa cidade, quando acontece, \u00e9, o que aconteceu em Porto Alegre, com que, com o que aconteceu em Brumadinho, n\u00e3o \u00e9, em Mariana, e nas comunidades perif\u00e9ricas.<\/em><\/p>\n<\/blockquote>\n\n\n\n<p>E, ainda,<\/p>\n\n\n\n<blockquote class=\"wp-block-quote is-layout-flow wp-block-quote-is-layout-flow\">\n<p><em>E os mais prejudicados nessa crise clim\u00e1tica s\u00e3o as pessoas mais pobres, as pessoas que n\u00e3o moram em \u00e1reas que t\u00eam toda a infraestrutura, toda a aten\u00e7\u00e3o do poder p\u00fablico. A maioria pretos e pardos e povos origin\u00e1rios s\u00e3o as v\u00edtimas das cat\u00e1strofes clim\u00e1ticas.<\/em><\/p>\n<\/blockquote>\n\n\n\n<p>Da mesma maneira que no momento da Pandemia de Covid-19 existia uma grande quantidade de pessoas que gastavam seu tempo e energia para promover o negacionismo e disseminar nas redes que n\u00e3o existia uma emerg\u00eancia global temos hoje em dia grupos organizados que negam a exist\u00eancia de uma crise clim\u00e1tica internacional e que ela afeta diretamente as pessoas mais pobres, moradoras das periferias dos grandes centros urbanos. <\/p>\n\n\n\n<p>De maneira estrat\u00e9gica poderemos reverter os efeitos nocivos do aquecimento global e manter as condi\u00e7\u00f5es de vida no planeta. Assim como em outros per\u00edodos cr\u00edticos que o planeta passou nos sobreviveremos mas isso necessitar um esfor\u00e7o conjunto e \u00e9 nesse sentido que a ajuda financeira dos pa\u00edses desenvolvidos ser\u00e1 crucial. Nada mais justo j\u00e1 que por centenas de anos esses pa\u00edses contribu\u00edram para o desgaste do meio ambiente.<\/p>\n\n\n\n<figure class=\"wp-block-image size-full\"><img loading=\"lazy\" decoding=\"async\" width=\"527\" height=\"520\" src=\"https:\/\/opapb.org\/wp-content\/uploads\/2026\/01\/PaulaFrassineteAPAN.jpeg\" alt=\"\" class=\"wp-image-197\" srcset=\"https:\/\/opapb.org\/wp-content\/uploads\/2026\/01\/PaulaFrassineteAPAN.jpeg 527w, https:\/\/opapb.org\/wp-content\/uploads\/2026\/01\/PaulaFrassineteAPAN-300x296.jpeg 300w\" sizes=\"auto, (max-width: 527px) 100vw, 527px\" \/><figcaption class=\"wp-element-caption\">Paula Frassinete &#8211; APAN<br>Reprodu\u00e7\u00e3o: Instagram<\/figcaption><\/figure>\n\n\n\n<p>Tamb\u00e9m conversamos com ambientalista e ativista social Paula Frassinete ela foi a COP 30 pela APAN &#8211; o seu trabalho \u00e9 pioneiro na educa\u00e7\u00e3o ambiental e antirracista. Durante a nossa conversa o que mais nos interessou foi que ela levou de contribui\u00e7\u00e3o para a COP 30 e a experi\u00eancia que ela trouxe de l\u00e1, principalmente para os planos de sustentabilidade, de educa\u00e7\u00e3o ambiental e tamb\u00e9m para o combate ao racismo ambiental.<\/p>\n\n\n\n<figure class=\"wp-block-audio\"><audio controls src=\"https:\/\/opapb.org\/wp-content\/uploads\/2025\/12\/SonoraPaulaFrascinete_APAM.mp3\"><\/audio><\/figure>\n\n\n\n<p>Ela destacou alegria em estar falando para n\u00f3s sobre a COP 30:<\/p>\n\n\n\n<blockquote class=\"wp-block-quote is-layout-flow wp-block-quote-is-layout-flow\">\n<p><em>foi um momento em que seiscentas mil pessoas ali estavam. Cento e noventa e cinco pa\u00edses. Havia locais em que s\u00f3 os representantes de pa\u00edses iam, que era a zona azul. N\u00f3s, popula\u00e7\u00e3o, n\u00f3s, organiza\u00e7\u00f5es sociais, estivemos na zona verde e na c\u00fapula dos povos. Ali estavam os ind\u00edgenas, os quilombolas, todos os representantes da sociedade brasileira. E muitas das discuss\u00f5es que aconteceram, n\u00e3o nos foi permitido ir ou n\u00e3o foi poss\u00edvel.<\/em><\/p>\n<\/blockquote>\n\n\n\n<p>Ela tamb\u00e9m salientou o saldo da sua participa\u00e7\u00e3o:<\/p>\n\n\n\n<blockquote class=\"wp-block-quote is-layout-flow wp-block-quote-is-layout-flow\">\n<p><em>Primeiro, as experi\u00eancias que foram trocadas nas, nas palestras, nos debates, onde a gente estava, podia dizer da sua experi\u00eancia e beber da experi\u00eancia dos outros. E tamb\u00e9m, uma coisa que eu achei fundamental, foi participar de passeatas e caminhadas na cidade.Teve uma dos seringueiros, foi excepcional. Inclusive, todas n\u00f3s est\u00e1vamos com as lanternas que eles usavam nos seringais.<\/em><\/p>\n<\/blockquote>\n\n\n\n<p>De acordo com a Paula, Todos e todas que ali estavam reivindicavam o equil\u00edbrio. Pedindo que se pense na natureza. Pedindo que se pense na vida. Querendo que cada um traga a sua contribui\u00e7\u00e3o. Os pa\u00edses mais ricos, pra trazer a contribui\u00e7\u00e3o dos recursos para que pud\u00e9ssemos, em nossos lugares, em nossos espa\u00e7os, fazer as discuss\u00f5es, tratar de bastante atividades que trouxessem o bem-estar para a popula\u00e7\u00e3o mais exclu\u00edda.<\/p>\n\n\n\n<p>A ativista tamb\u00e9m deixou expl\u00edcito que principalmente a\u00ed onde a gente pediu a\u00e7\u00e3o: \u00c9 a\u00ed onde acontece o racismo ecol\u00f3gico. \u00c9 uma das linhas de grande discuss\u00e3o hoje no movimento ambiental.<\/p>\n\n\n\n<p>E, por qu\u00ea?<\/p>\n\n\n\n<blockquote class=\"wp-block-quote is-layout-flow wp-block-quote-is-layout-flow\">\n<p><em>Porque \u00e9 para as periferias que est\u00e3o sendo lan\u00e7ados os esgotos, os lixos, \u00e9 na periferia que n\u00e3o se coleta lixo, \u00e9 na periferia que ainda passam rios, que hoje s\u00e3o verdadeiros veios de esgoto.<\/em><\/p>\n<\/blockquote>\n\n\n\n<p>Um exemplo bem did\u00e1tico que ela deu foi sobre os rios que temos aqui na cidade de Jo\u00e3o Pessoa,<\/p>\n\n\n\n<blockquote class=\"wp-block-quote is-layout-flow wp-block-quote-is-layout-flow\">\n<p><em>\u00c9 s\u00f3 voc\u00ea olhar o Rio Jaguaribe, o Rio do Cabelo, o Rio Aratu, todos esses rios hoje est\u00e3o com lan\u00e7amento de esgoto direto. Porque nas popula\u00e7\u00f5es perif\u00e9ricas n\u00e3o tem rede coletora de esgotos. Se n\u00e3o os existe, \u00e9 \u00f3bvio que todo esse esgoto vai para dentro do mar.<\/em><\/p>\n<\/blockquote>\n\n\n\n<p>Ela lembra que isso n\u00e3o \u00e9 s\u00f3 nas periferias.<\/p>\n\n\n\n<blockquote class=\"wp-block-quote is-layout-flow wp-block-quote-is-layout-flow\">\n<p><em>Porque nos bairros mais organizados, nos bairros onde essas coisas existem, a gente v\u00ea muito lixo na rua. Porque falta bastante educa\u00e7\u00e3o ambiental. Falta bastante, o que foi muito discutido hoje aqui, que \u00e9 essa inter-rela\u00e7\u00e3o que tem que se entender de n\u00f3s com a natureza.<\/em><\/p>\n<\/blockquote>\n\n\n\n<p>\u00c9 imprescind\u00edvel que tenhamos desde cedo uma forma\u00e7\u00e3o para uma consci\u00eancia ambiental e isso \u00e9 o que defende tamb\u00e9m a bi\u00f3loga e ativista Paula Frassinete sobre a defesa do meio ambiente e sustentabilidade. Em um outro trecho da entrevista ela explicou bastante o seu trabalho junto \u00e0 crian\u00e7as e adolescentes para que todos e todas reconhe\u00e7am que somos um com a natureza.<\/p>\n\n\n\n<figure class=\"wp-block-audio\"><audio controls src=\"https:\/\/opapb.org\/wp-content\/uploads\/2025\/12\/Sonora2PaulaFrascinete_APAM.mp3\"><\/audio><\/figure>\n\n\n\n<figure class=\"wp-block-image size-full\"><img loading=\"lazy\" decoding=\"async\" width=\"481\" height=\"548\" src=\"https:\/\/opapb.org\/wp-content\/uploads\/2026\/01\/AriFranca.jpeg\" alt=\"\" class=\"wp-image-198\" srcset=\"https:\/\/opapb.org\/wp-content\/uploads\/2026\/01\/AriFranca.jpeg 481w, https:\/\/opapb.org\/wp-content\/uploads\/2026\/01\/AriFranca-263x300.jpeg 263w\" sizes=\"auto, (max-width: 481px) 100vw, 481px\" \/><figcaption class=\"wp-element-caption\">Ari Fran\u00e7a MovSocial<br>Reprodu\u00e7\u00e3o: Redes Sociais<\/figcaption><\/figure>\n\n\n\n<p>N\u00f3s tamb\u00e9m falamos com Ari Fran\u00e7a, ele falou um pouco sobre o projeto dele e a organiza\u00e7\u00e3o em que ele contribui para sustentabilidade das comunidades perif\u00e9ricas e ribeirinhas. No momento ele foi bastante cr\u00edtico sobre a atua\u00e7\u00e3o da prefeitura local com rela\u00e7\u00e3o aos Objetivos do Desenvolvimento sustent\u00e1vel.<\/p>\n\n\n\n<figure class=\"wp-block-audio\"><audio controls src=\"https:\/\/opapb.org\/wp-content\/uploads\/2026\/01\/SonoraAriFranca.mp3\"><\/audio><\/figure>\n\n\n\n<p>Ari Fran\u00e7a ressaltou a atua\u00e7\u00e3o da enti<em>dade que faz parte<\/em>:<\/p>\n\n\n\n<blockquote class=\"wp-block-quote is-layout-flow wp-block-quote-is-layout-flow\">\n<p><em>O Centro de Apoio \u00e0s Atividades Populares, que tamb\u00e9m se denomina como MovSocial, vem trabalhando numa articula\u00e7\u00e3o a n\u00edvel nacional, mas localmente, \u00e9, muito forte, da gente juntar as for\u00e7as que a gente tem, no sentido de que os, as entidades que se disp\u00f5em, que est\u00e3o trabalhando, que t\u00eam a\u00e7\u00f5es, possam ter a capacidade de fortalecer-se na interven\u00e7\u00e3o pol\u00edtica, na interven\u00e7\u00e3o educacional, pra que a gente possa, atrav\u00e9s da consci\u00eancia de classe a consci\u00eancia de defesa do meio ambiente.<\/em><\/p>\n<\/blockquote>\n\n\n\n<p>Ele ainda falou sobre o trabalho na \u00e1rea de preserva\u00e7\u00e3o e forma\u00e7\u00e3o Genival N\u00f3brega, sobre a oportunidade de juntar v\u00e1rias entidades que trabalham a seguran\u00e7a alimentar, o meio ambiente e a luta do nosso povo. Ele ainda destacou,<\/p>\n\n\n\n<blockquote class=\"wp-block-quote is-layout-flow wp-block-quote-is-layout-flow\">\n<p><em>a gente tem que, al\u00e9m de garantir o marco legal, garantir o que foi, j\u00e1 foi avan\u00e7o, n\u00e3o aceitar retrocesso de maneira nenhuma de quem quer que seja, dizer pra sociedade que n\u00f3s estamos tendo que fazer uma programa\u00e7\u00e3o de atua\u00e7\u00e3o que venha mobilizar ainda mais e envolver mais gente.<\/em><\/p>\n<\/blockquote>\n\n\n\n<p>O ativista ainda deixou seu descontentamento com as pol\u00edticas de manuten\u00e7\u00e3o de privil\u00e9gios presente na cidade de Jo\u00e3o Pessoa:<\/p>\n\n\n\n<blockquote class=\"wp-block-quote is-layout-flow wp-block-quote-is-layout-flow\">\n<p><em>\u00c9 um absurdo o que j\u00e1 se encontra aqui em Jo\u00e3o Pessoa, especialmente pela Prefeitura Municipal, que n\u00e3o gosta do meio ambiente. Parece que trabalha s\u00f3 contra, no aspecto de favorecer os grandes construtores, que efetivamente n\u00e3o t\u00eam esse compromisso social.<\/em><\/p>\n<\/blockquote>\n\n\n\n<p>Como respons\u00e1vel de um grupo que integra a rede ODS Brasil, ele ainda lembra,<\/p>\n\n\n\n<blockquote class=\"wp-block-quote is-layout-flow wp-block-quote-is-layout-flow\">\n<p><em>como n\u00f3s tamos sabendo, n\u00f3s temos a consci\u00eancia que as metas dos objetivos de desenvolvimento sustent\u00e1vel, se dependesse daqui das gest\u00f5es na nossa cidade, n\u00e3o seria cumprido, porque h\u00e1 desmatamento todo dia, toda hora, h\u00e1 um assassinato nos nossos rios e isso tem que ser combatido. E \u00e9 isso que n\u00f3s tamos fazendo, tanto como entidade, como tamb\u00e9m na rede ODS, na rede dos objetivos de desenvolvimento a n\u00edvel nacional e na Comiss\u00e3o Nacional dos Objetivos que n\u00f3s temos no Estado, somos a \u00fanica entidade que tem assento na Comiss\u00e3o Nacional, que foi restitu\u00eddo pelo presidente Lula.<\/em><\/p>\n<\/blockquote>\n\n\n\n<p>Ent\u00e3o Ari concluiu informando o compromisso de potencializar, juntar for\u00e7as pra que a gente traga a consci\u00eancia, e atrav\u00e9s da consci\u00eancia, evidentemente, o combate a tudo que \u00e9 de ruim do ataque \u00e0 natureza e ao nosso meio ambiente.<\/p>\n\n\n\n<p><strong>Nossa mensagem de esperan\u00e7a durante o evento<\/strong><\/p>\n\n\n\n<p>Com esses depoimentos encerramos a nossa passagem pelo evento e deixamos uma mensagem de esperan\u00e7a para as pr\u00f3ximas gera\u00e7\u00f5es: fa\u00e7amos o melhor pela nossa primeira casa, o planeta Terra e o meio ambiente, afinal, n\u00e3o temos outro planeta para morar ainda, ent\u00e3o vamos cuidar bem da nossa casa e deixar um mundo melhor para as nossos filhos e filhas.<\/p>\n","protected":false},"excerpt":{"rendered":"<p>Por Leonardo Silva23 de dezembro de 2025 Na sexta-feira, 19 de dezembro, participamos do evento Ra\u00edzes sustent\u00e1veis, na sede do sindicato dos banc\u00e1rios. O evento foi uma oportunidade de reunir as entidades e os movimentos sociais que lutam pela defesa do meio ambiente e sustentabilidade na cidade de Jo\u00e3o Pessoa-PB. Teve in\u00edcio \u00e0s 9 horas [&#8230;]<\/p>\n<p><a class=\"btn btn-secondary conversions-read-more-link\" href=\"https:\/\/opapb.org\/?p=185\">Read More&#8230;<\/a><\/p>\n","protected":false},"author":1,"featured_media":0,"comment_status":"open","ping_status":"open","sticky":false,"template":"","format":"standard","meta":{"om_disable_all_campaigns":false,"_monsterinsights_skip_tracking":false,"_monsterinsights_sitenote_active":false,"_monsterinsights_sitenote_note":"","_monsterinsights_sitenote_category":0,"footnotes":""},"categories":[1],"tags":[12,8,13],"class_list":["post-185","post","type-post","status-publish","format-standard","hentry","category-blog","tag-antirracismo","tag-opapb","tag-sustentabilidade"],"aioseo_notices":[],"_links":{"self":[{"href":"https:\/\/opapb.org\/index.php?rest_route=\/wp\/v2\/posts\/185","targetHints":{"allow":["GET"]}}],"collection":[{"href":"https:\/\/opapb.org\/index.php?rest_route=\/wp\/v2\/posts"}],"about":[{"href":"https:\/\/opapb.org\/index.php?rest_route=\/wp\/v2\/types\/post"}],"author":[{"embeddable":true,"href":"https:\/\/opapb.org\/index.php?rest_route=\/wp\/v2\/users\/1"}],"replies":[{"embeddable":true,"href":"https:\/\/opapb.org\/index.php?rest_route=%2Fwp%2Fv2%2Fcomments&post=185"}],"version-history":[{"count":9,"href":"https:\/\/opapb.org\/index.php?rest_route=\/wp\/v2\/posts\/185\/revisions"}],"predecessor-version":[{"id":203,"href":"https:\/\/opapb.org\/index.php?rest_route=\/wp\/v2\/posts\/185\/revisions\/203"}],"wp:attachment":[{"href":"https:\/\/opapb.org\/index.php?rest_route=%2Fwp%2Fv2%2Fmedia&parent=185"}],"wp:term":[{"taxonomy":"category","embeddable":true,"href":"https:\/\/opapb.org\/index.php?rest_route=%2Fwp%2Fv2%2Fcategories&post=185"},{"taxonomy":"post_tag","embeddable":true,"href":"https:\/\/opapb.org\/index.php?rest_route=%2Fwp%2Fv2%2Ftags&post=185"}],"curies":[{"name":"wp","href":"https:\/\/api.w.org\/{rel}","templated":true}]}}