{"id":160,"date":"2025-05-11T10:54:34","date_gmt":"2025-05-11T13:54:34","guid":{"rendered":"https:\/\/opapb.org\/?p=160"},"modified":"2025-05-11T10:54:34","modified_gmt":"2025-05-11T13:54:34","slug":"participacao-do-opa-na-campanha-nacional-pena-justa","status":"publish","type":"post","link":"https:\/\/opapb.org\/?p=160","title":{"rendered":"Participa\u00e7\u00e3o do OPA na Campanha Nacional Pena Justa"},"content":{"rendered":"<figure class=\"wp-block-post-featured-image\"><img loading=\"lazy\" decoding=\"async\" width=\"1500\" height=\"1500\" src=\"https:\/\/opapb.org\/wp-content\/uploads\/2025\/05\/reuniao-pena-justa-0.jpg\" class=\"attachment-post-thumbnail size-post-thumbnail wp-post-image\" alt=\"\" style=\"object-fit:cover;\" srcset=\"https:\/\/opapb.org\/wp-content\/uploads\/2025\/05\/reuniao-pena-justa-0.jpg 1500w, https:\/\/opapb.org\/wp-content\/uploads\/2025\/05\/reuniao-pena-justa-0-300x300.jpg 300w, https:\/\/opapb.org\/wp-content\/uploads\/2025\/05\/reuniao-pena-justa-0-1024x1024.jpg 1024w, https:\/\/opapb.org\/wp-content\/uploads\/2025\/05\/reuniao-pena-justa-0-150x150.jpg 150w, https:\/\/opapb.org\/wp-content\/uploads\/2025\/05\/reuniao-pena-justa-0-768x768.jpg 768w, https:\/\/opapb.org\/wp-content\/uploads\/2025\/05\/reuniao-pena-justa-0-270x270.jpg 270w\" sizes=\"auto, (max-width: 1500px) 100vw, 1500px\" \/><\/figure>\n\n\n<p>Nos dias 06 e 07 de maio 05 de 2025 o Observat\u00f3rio Paraibano Antirracismo (OPA), e a Marcha da Negritude Unificada da Para\u00edba (MNU-PB), participaram da reuni\u00e3o de constru\u00e7\u00e3o com  delibera\u00e7\u00e3o do Comit\u00ea do Plano de Pol\u00edticas Penais da Para\u00edba-PB. Conhecido como &#8220;Pena Justa&#8221; \u00e9 um plano nacional, criado pelo Conselho Nacional de Justi\u00e7a (CNJ) e pela Uni\u00e3o, para enfrentar as condi\u00e7\u00f5es prec\u00e1rias nas pris\u00f5es brasileiras, ap\u00f3s uma decis\u00e3o do Supremo Tribunal Federal (STF) de reconhecer viola\u00e7\u00f5es dos direitos humanos.<\/p>\n\n\n\n<p>O objetivo principal \u00e9 garantir a dignidade da pessoa presa, melhorar a responsabiliza\u00e7\u00e3o e reinser\u00e7\u00e3o social, fortalecer a seguran\u00e7a da popula\u00e7\u00e3o, e promover o desenvolvimento nacional. \u00c9 constitu\u00eddo pelo Conselho Nacional de Justi\u00e7a (CNJ) e a Uni\u00e3o, com o apoio de diversos parceiros institucionais, e a sociedade Civil. A ativista social antirracista Marli Soares Coordenadora Geral do OPA, e idealizadora e fundadora da MNU\/PB, est\u00e1 compondo o eixo da C\u00e2mara do enfrentamento ao racismo institucional. O companheiro Leonardo Silva, est\u00e1 na C\u00e2mara de Transpar\u00eancia, controle social e canais de den\u00fancia e Jany Santos est\u00e1 no C\u00e2mara da Promo\u00e7\u00e3o e qualifica\u00e7\u00e3o profissional de pessoas egressas e familiares. Sigamos em Marcha!!!<br><\/p>\n\n\n\n<figure class=\"wp-block-gallery has-nested-images columns-default is-cropped wp-block-gallery-1 is-layout-flex wp-block-gallery-is-layout-flex\">\n<figure class=\"wp-block-image size-large\"><img loading=\"lazy\" decoding=\"async\" width=\"1024\" height=\"683\" data-id=\"168\" src=\"https:\/\/opapb.org\/wp-content\/uploads\/2025\/05\/reuniao-pena-justa-3-1024x683.jpg\" alt=\"\" class=\"wp-image-168\" srcset=\"https:\/\/opapb.org\/wp-content\/uploads\/2025\/05\/reuniao-pena-justa-3-1024x683.jpg 1024w, https:\/\/opapb.org\/wp-content\/uploads\/2025\/05\/reuniao-pena-justa-3-300x200.jpg 300w, https:\/\/opapb.org\/wp-content\/uploads\/2025\/05\/reuniao-pena-justa-3-768x512.jpg 768w, https:\/\/opapb.org\/wp-content\/uploads\/2025\/05\/reuniao-pena-justa-3-800x534.jpg 800w, https:\/\/opapb.org\/wp-content\/uploads\/2025\/05\/reuniao-pena-justa-3.jpg 1500w\" sizes=\"auto, (max-width: 1024px) 100vw, 1024px\" \/><\/figure>\n\n\n\n<figure class=\"wp-block-image size-large\"><img loading=\"lazy\" decoding=\"async\" width=\"1024\" height=\"683\" data-id=\"165\" src=\"https:\/\/opapb.org\/wp-content\/uploads\/2025\/05\/reuniao-pena-justa-4-1024x683.jpg\" alt=\"\" class=\"wp-image-165\" srcset=\"https:\/\/opapb.org\/wp-content\/uploads\/2025\/05\/reuniao-pena-justa-4-1024x683.jpg 1024w, https:\/\/opapb.org\/wp-content\/uploads\/2025\/05\/reuniao-pena-justa-4-300x200.jpg 300w, https:\/\/opapb.org\/wp-content\/uploads\/2025\/05\/reuniao-pena-justa-4-768x512.jpg 768w, https:\/\/opapb.org\/wp-content\/uploads\/2025\/05\/reuniao-pena-justa-4-800x534.jpg 800w, https:\/\/opapb.org\/wp-content\/uploads\/2025\/05\/reuniao-pena-justa-4.jpg 1500w\" sizes=\"auto, (max-width: 1024px) 100vw, 1024px\" \/><\/figure>\n\n\n\n<figure class=\"wp-block-image size-large\"><img loading=\"lazy\" decoding=\"async\" width=\"1024\" height=\"683\" data-id=\"167\" src=\"https:\/\/opapb.org\/wp-content\/uploads\/2025\/05\/reuniao-pena-justa-2-1024x683.jpg\" alt=\"\" class=\"wp-image-167\" srcset=\"https:\/\/opapb.org\/wp-content\/uploads\/2025\/05\/reuniao-pena-justa-2-1024x683.jpg 1024w, https:\/\/opapb.org\/wp-content\/uploads\/2025\/05\/reuniao-pena-justa-2-300x200.jpg 300w, https:\/\/opapb.org\/wp-content\/uploads\/2025\/05\/reuniao-pena-justa-2-768x512.jpg 768w, https:\/\/opapb.org\/wp-content\/uploads\/2025\/05\/reuniao-pena-justa-2-800x534.jpg 800w, https:\/\/opapb.org\/wp-content\/uploads\/2025\/05\/reuniao-pena-justa-2.jpg 1500w\" sizes=\"auto, (max-width: 1024px) 100vw, 1024px\" \/><\/figure>\n\n\n\n<figure class=\"wp-block-image size-large\"><img loading=\"lazy\" decoding=\"async\" width=\"1024\" height=\"683\" data-id=\"164\" src=\"https:\/\/opapb.org\/wp-content\/uploads\/2025\/05\/reuniao-pena-justa-5-1024x683.jpg\" alt=\"\" class=\"wp-image-164\" srcset=\"https:\/\/opapb.org\/wp-content\/uploads\/2025\/05\/reuniao-pena-justa-5-1024x683.jpg 1024w, https:\/\/opapb.org\/wp-content\/uploads\/2025\/05\/reuniao-pena-justa-5-300x200.jpg 300w, https:\/\/opapb.org\/wp-content\/uploads\/2025\/05\/reuniao-pena-justa-5-768x512.jpg 768w, https:\/\/opapb.org\/wp-content\/uploads\/2025\/05\/reuniao-pena-justa-5-800x534.jpg 800w, https:\/\/opapb.org\/wp-content\/uploads\/2025\/05\/reuniao-pena-justa-5.jpg 1500w\" sizes=\"auto, (max-width: 1024px) 100vw, 1024px\" \/><\/figure>\n<\/figure>\n","protected":false},"excerpt":{"rendered":"<p>Nos dias 06 e 07 de maio 05 de 2025 o Observat\u00f3rio Paraibano Antirracismo (OPA), e a Marcha da Negritude Unificada da Para\u00edba (MNU-PB), participaram da reuni\u00e3o de constru\u00e7\u00e3o com delibera\u00e7\u00e3o do Comit\u00ea do Plano de Pol\u00edticas Penais da Para\u00edba-PB. Conhecido como &#8220;Pena Justa&#8221; \u00e9 um plano nacional, criado pelo Conselho Nacional de Justi\u00e7a (CNJ) [&#8230;]<\/p>\n<p><a class=\"btn btn-secondary conversions-read-more-link\" href=\"https:\/\/opapb.org\/?p=160\">Read More&#8230;<\/a><\/p>\n","protected":false},"author":1,"featured_media":163,"comment_status":"open","ping_status":"open","sticky":false,"template":"","format":"standard","meta":{"om_disable_all_campaigns":false,"_monsterinsights_skip_tracking":false,"_monsterinsights_sitenote_active":false,"_monsterinsights_sitenote_note":"","_monsterinsights_sitenote_category":0,"footnotes":""},"categories":[1,10,11],"tags":[9,8,7],"class_list":["post-160","post","type-post","status-publish","format-standard","has-post-thumbnail","hentry","category-blog","category-noticias","category-participacao","tag-mnupb","tag-opapb","tag-pena-justa"],"aioseo_notices":[],"_links":{"self":[{"href":"https:\/\/opapb.org\/index.php?rest_route=\/wp\/v2\/posts\/160","targetHints":{"allow":["GET"]}}],"collection":[{"href":"https:\/\/opapb.org\/index.php?rest_route=\/wp\/v2\/posts"}],"about":[{"href":"https:\/\/opapb.org\/index.php?rest_route=\/wp\/v2\/types\/post"}],"author":[{"embeddable":true,"href":"https:\/\/opapb.org\/index.php?rest_route=\/wp\/v2\/users\/1"}],"replies":[{"embeddable":true,"href":"https:\/\/opapb.org\/index.php?rest_route=%2Fwp%2Fv2%2Fcomments&post=160"}],"version-history":[{"count":2,"href":"https:\/\/opapb.org\/index.php?rest_route=\/wp\/v2\/posts\/160\/revisions"}],"predecessor-version":[{"id":169,"href":"https:\/\/opapb.org\/index.php?rest_route=\/wp\/v2\/posts\/160\/revisions\/169"}],"wp:featuredmedia":[{"embeddable":true,"href":"https:\/\/opapb.org\/index.php?rest_route=\/wp\/v2\/media\/163"}],"wp:attachment":[{"href":"https:\/\/opapb.org\/index.php?rest_route=%2Fwp%2Fv2%2Fmedia&parent=160"}],"wp:term":[{"taxonomy":"category","embeddable":true,"href":"https:\/\/opapb.org\/index.php?rest_route=%2Fwp%2Fv2%2Fcategories&post=160"},{"taxonomy":"post_tag","embeddable":true,"href":"https:\/\/opapb.org\/index.php?rest_route=%2Fwp%2Fv2%2Ftags&post=160"}],"curies":[{"name":"wp","href":"https:\/\/api.w.org\/{rel}","templated":true}]}}